{"id":3153,"date":"2013-03-20T08:25:49","date_gmt":"2013-03-20T07:25:49","guid":{"rendered":"https:\/\/www.wolfgangkurtz.de\/?p=3153"},"modified":"2021-04-16T21:26:15","modified_gmt":"2021-04-16T20:26:15","slug":"vergessene-produkte","status":"publish","type":"post","link":"https:\/\/www.wolfgangkurtz.de\/en\/vergessene-produkte\/","title":{"rendered":"Vergessene Produkte"},"content":{"rendered":"<h2>Aus dem Fr\u00fchling meines Lebens&#8230;<\/h2>\n<p><a href=\"https:\/\/www.wolfgangkurtz.de\/wp-content\/uploads\/042_tapes_01.jpg\"><img loading=\"lazy\" decoding=\"async\" src=\"https:\/\/www.wolfgangkurtz.de\/wp-content\/uploads\/042_tapes_01-300x225.jpg\" height=\"225\" width=\"300\" class=\"alignright size-medium wp-image-3157\" alt=\"BASF Chormdioxid II Kassette, Vintage Musikband, Musikkassette, Retro Audio, Musikmagazin, Soundaufnahme, Musik-Equipment, Audiotechnik, Musikindustrie.\" srcset=\"https:\/\/www.wolfgangkurtz.de\/wp-content\/uploads\/042_tapes_01-300x225.jpg 300w, https:\/\/www.wolfgangkurtz.de\/wp-content\/uploads\/042_tapes_01-150x113.jpg 150w, https:\/\/www.wolfgangkurtz.de\/wp-content\/uploads\/042_tapes_01-768x576.jpg 768w, https:\/\/www.wolfgangkurtz.de\/wp-content\/uploads\/042_tapes_01.jpg 1024w\" sizes=\"auto, (max-width: 300px) 100vw, 300px\" \/> <\/a>Es gibt ja immer mehr junge Menschen, die sich gar nicht vorstellen k\u00f6nnen, dass es mal kein Internet gab.<br \/>\nDie ganz ungl\u00e4ubig fragen: &#8220;&#8230;und wie konnte man dann seine Mails abrufen?&#8221;.<\/p>\n<p>Bei vielen Dingen, mit denen wir aufgewachsen sind, sch\u00fctteln unsere Kinder den Kopf: Wer kennt heute noch den Begriff \u201eC90\u201c?<br \/>\nAudio-Cassetten, Compact-Cassetten, FerroChrom und Chromdioxyd \u2013 ausgestorbene Begriffe der Tonaufzeichnung.<\/p>\n<p>Da diese Technik f\u00fcr mich einmal sehr wichtig war, hier der w\u00fcrdigende Blog-Beitrag.<\/p>\n<p>Compact-Cassetten dienten der Tonaufzeichnung und Wiedergabe.<br \/>\nMusik gab es im Radio oder auf Schallplatten. Und wer g\u00fcnstig kopieren wollte, konnte dies nur mit Tonb\u00e4ndern oder Tonband-Cassetten, quasi dem Urahn von MP3 und Cloud-Music.<\/p>\n<p><a href=\"https:\/\/www.wolfgangkurtz.de\/wp-content\/uploads\/042_tapes_02.jpg\"><img loading=\"lazy\" decoding=\"async\" src=\"https:\/\/www.wolfgangkurtz.de\/wp-content\/uploads\/042_tapes_02-300x225.jpg\" height=\"225\" width=\"300\" class=\"alignright size-medium wp-image-3159\" alt=\"Alter Text: Vintage Audiospur-Kassette mit translucidem Geh\u00e4use und orangefarbenem Label.\" srcset=\"https:\/\/www.wolfgangkurtz.de\/wp-content\/uploads\/042_tapes_02-300x225.jpg 300w, https:\/\/www.wolfgangkurtz.de\/wp-content\/uploads\/042_tapes_02-150x113.jpg 150w, https:\/\/www.wolfgangkurtz.de\/wp-content\/uploads\/042_tapes_02-768x576.jpg 768w, https:\/\/www.wolfgangkurtz.de\/wp-content\/uploads\/042_tapes_02.jpg 1024w\" sizes=\"auto, (max-width: 300px) 100vw, 300px\" \/> <\/a>Compact-Cassetten wurden von der holl\u00e4ndischen Firma Philips 1963 zum Standard gemacht.<br \/>\nVorher gab es schon verschiedene Vorl\u00e4ufer wie Tonbandspulen und in USA das 8-Track-Band, die uns aber hier nicht interessieren m\u00fcssen.<br \/>\nCassetten gab es in verschiedenen L\u00e4ngen. Bei der C60 passte auf jede Bandseite 30 Minuten Audio-Information &#8211; einmal umdrehen und man h\u00f6rte 60 Minuten insgesamt.<br \/>\nC60, got it? Bei der C90 passten 2 x 45 Minuten drauf, was schon ziemlich gut f\u00fcr die Aufnahme beider Seiten einer LP (Langspielplatte) reichte. C120 boten noch mehr Spieldauer &#8211; aber das Bandmaterial war d\u00fcnner, damit es in die genormte Gr\u00f6\u00dfe der Cassette passte und dadurch riss das Band leichter oder es kam zu &#8220;Bandsalat&#8221;.<br \/>\n<a href=\"https:\/\/www.wolfgangkurtz.de\/wp-content\/uploads\/042_tapes_04.jpg\"><img loading=\"lazy\" decoding=\"async\" src=\"https:\/\/www.wolfgangkurtz.de\/wp-content\/uploads\/042_tapes_04-300x225.jpg\" height=\"225\" width=\"300\" class=\"size-medium wp-image-3163 alignleft\" alt=\"Retro Kassette mit handgeschriebenem Geburtstagsgru\u00df, nostalgisches Musik-Erlebnis.\" srcset=\"https:\/\/www.wolfgangkurtz.de\/wp-content\/uploads\/042_tapes_04-300x225.jpg 300w, https:\/\/www.wolfgangkurtz.de\/wp-content\/uploads\/042_tapes_04-150x113.jpg 150w, https:\/\/www.wolfgangkurtz.de\/wp-content\/uploads\/042_tapes_04-768x576.jpg 768w, https:\/\/www.wolfgangkurtz.de\/wp-content\/uploads\/042_tapes_04.jpg 1024w\" sizes=\"auto, (max-width: 300px) 100vw, 300px\" \/> <\/a>Dann konnte man als erfahrener Bastler das hauchd\u00fcnne dunkelbraune Material entwirren, mit etwas &#8220;Uhu&#8221; kleben und mit einem Bleistift das Band wieder aufwickeln. Das konnte so lange dauern wie die lange Version von &#8220;Innagaddadavida&#8221; mit Schlagzeugsolo&#8230;<\/p>\n<p>Manchmal passte das letzte St\u00fcck der Schallplatte nicht mehr ganz auf die Cassetten-Seite.<br \/>\nDann brach die Musik ab. Und man gew\u00f6hnte sich an das abrupte Ende.<br \/>\nEs soll Menschen gegeben haben, die Jahre sp\u00e4ter v\u00f6llig erstaunt zum ersten Mal dieses St\u00fcck komplett mit Ende von CD geh\u00f6rt haben. Aber das ist eine andere Geschichte.<\/p>\n<p><a href=\"https:\/\/www.wolfgangkurtz.de\/wp-content\/uploads\/042_tapes_03.jpg\"><img loading=\"lazy\" decoding=\"async\" class=\"alignright size-medium wp-image-3161\" src=\"https:\/\/www.wolfgangkurtz.de\/wp-content\/uploads\/042_tapes_03-300x225.jpg\" alt=\"\" width=\"300\" height=\"225\" srcset=\"https:\/\/www.wolfgangkurtz.de\/wp-content\/uploads\/042_tapes_03-300x225.jpg 300w, https:\/\/www.wolfgangkurtz.de\/wp-content\/uploads\/042_tapes_03-150x113.jpg 150w, https:\/\/www.wolfgangkurtz.de\/wp-content\/uploads\/042_tapes_03-768x576.jpg 768w, https:\/\/www.wolfgangkurtz.de\/wp-content\/uploads\/042_tapes_03.jpg 1024w\" sizes=\"auto, (max-width: 300px) 100vw, 300px\" \/><\/a>Anfangs waren die meisten Cassetten leicht gelblich, fast elfenbein-farben und kamen von den Firmen AGFA oder BASF.<br \/>\nVom Sonntags-Taschengeld konnte ich mir alle 2 Wochen 1 Cassette kaufen.<br \/>\nSp\u00e4ter wurden die Cassetten dann in &#8220;poppigen&#8221; Farben hergestellt. Gelb, orange, lila wie Prilblumen. Und einige Jahre sp\u00e4ter waren sie dann wieder schwarz mit Metalleffekten und kamen von exotischen Herstellern wie &#8220;TDK&#8221; oder &#8220;Maxell&#8221;.<br \/>\nAuch in der Qualit\u00e4t tat sich was. Im Bandmaterial war weniger Eisen (r\u00f6tlich-braun) und immer mehr Chrom (dunkelbraun bis schwarz).<br \/>\nDas sollte einen besseren Sound bringen. Daf\u00fcr wurde dann die Musik schlechter.<\/p>\n<p>Waren die Abspielger\u00e4te anfangs tragbare, mit Batterien best\u00fcckte Mono-Ger\u00e4te mit wenig Funktionen, so wurden mit den Jahren daraus gestylte &#8220;Tapedecks&#8221; mit VU-Metern, Acryl-Schiebereglern, Stereo, DNS und DNL und Dolby.<\/p>\n<p><a href=\"https:\/\/www.wolfgangkurtz.de\/wp-content\/uploads\/042_tapes_06.jpg\"><img loading=\"lazy\" decoding=\"async\" class=\"alignleft wp-image-3167\" src=\"https:\/\/www.wolfgangkurtz.de\/wp-content\/uploads\/042_tapes_06-300x225.jpg\" alt=\"\" width=\"400\" height=\"300\" srcset=\"https:\/\/www.wolfgangkurtz.de\/wp-content\/uploads\/042_tapes_06-300x225.jpg 300w, https:\/\/www.wolfgangkurtz.de\/wp-content\/uploads\/042_tapes_06-150x112.jpg 150w, https:\/\/www.wolfgangkurtz.de\/wp-content\/uploads\/042_tapes_06-768x576.jpg 768w, https:\/\/www.wolfgangkurtz.de\/wp-content\/uploads\/042_tapes_06.jpg 782w\" sizes=\"auto, (max-width: 400px) 100vw, 400px\" \/><\/a><br \/>\n<a href=\"https:\/\/www.wolfgangkurtz.de\/wp-content\/uploads\/042_tapes_07.jpg\">\u00a0\u00a0\u00a0\u00a0\u00a0\u00a0\u00a0\u00a0\u00a0 <img loading=\"lazy\" decoding=\"async\" src=\"https:\/\/www.wolfgangkurtz.de\/wp-content\/uploads\/042_tapes_07-232x300.jpg\" height=\"259\" width=\"200\" class=\"alignnone wp-image-3155\" alt=\"Kopfh\u00f6rer mit Sony Walkman, portable Musikplayer, vintage Audio-Ger\u00e4t, Musik h\u00f6ren, tragbarer Player.\" srcset=\"https:\/\/www.wolfgangkurtz.de\/wp-content\/uploads\/042_tapes_07-232x300.jpg 232w, https:\/\/www.wolfgangkurtz.de\/wp-content\/uploads\/042_tapes_07-116x150.jpg 116w, https:\/\/www.wolfgangkurtz.de\/wp-content\/uploads\/042_tapes_07.jpg 464w\" sizes=\"auto, (max-width: 200px) 100vw, 200px\" \/> <\/a><\/p>\n<p>Und Anfang der 1980er wurden sie dann wieder ganz klein, als Sony den &#8220;Walkman&#8221; erfand und man die Musik mit Kopfh\u00f6rer \u00fcberall h\u00f6ren konnte.<br \/>\nIch war so begeistert von der Idee dieser kleinen mobilen Ger\u00e4te, dass ich meine viele Kilo schwere &#8220;Komponenten-Anlage&#8221; und die tollen &#8220;Pearl&#8221;-Boxen verkaufte und vom Erl\u00f6s einen gebrauchten VW und den ersten Sony Walkman kaufte.<br \/>\nIch hatte viel Spa\u00df in meiner Jugend.<br \/>\nMein Ohrenarzt meint, die H\u00f6rsch\u00e4den im Mittelton-Bereich k\u00e4men wohl aus dieser Zeit.<\/p>\n","protected":false},"excerpt":{"rendered":"<p>Aus dem Fr\u00fchling meines Lebens&#8230; Es gibt ja immer mehr junge Menschen, die sich gar nicht vorstellen k\u00f6nnen, dass es mal kein Internet gab. Die ganz ungl\u00e4ubig fragen: &#8220;&#8230;und wie konnte man dann seine Mails abrufen?&#8221;. Bei vielen Dingen, mit &hellip; <a class=\"kt-excerpt-readmore\" href=\"https:\/\/www.wolfgangkurtz.de\/en\/vergessene-produkte\/\" aria-label=\"Vergessene Produkte\">Read More<\/a><\/p>\n","protected":false},"author":1,"featured_media":3157,"comment_status":"open","ping_status":"open","sticky":false,"template":"","format":"standard","meta":{"footnotes":""},"categories":[61],"tags":[85,84,88,86,87],"class_list":["post-3153","post","type-post","status-publish","format-standard","has-post-thumbnail","hentry","category-nachrichten-aus-dem-all","tag-c90","tag-cassette","tag-chromdioxyd","tag-compact-cassette","tag-retro-technik"],"_links":{"self":[{"href":"https:\/\/www.wolfgangkurtz.de\/en\/wp-json\/wp\/v2\/posts\/3153","targetHints":{"allow":["GET"]}}],"collection":[{"href":"https:\/\/www.wolfgangkurtz.de\/en\/wp-json\/wp\/v2\/posts"}],"about":[{"href":"https:\/\/www.wolfgangkurtz.de\/en\/wp-json\/wp\/v2\/types\/post"}],"author":[{"embeddable":true,"href":"https:\/\/www.wolfgangkurtz.de\/en\/wp-json\/wp\/v2\/users\/1"}],"replies":[{"embeddable":true,"href":"https:\/\/www.wolfgangkurtz.de\/en\/wp-json\/wp\/v2\/comments?post=3153"}],"version-history":[{"count":3,"href":"https:\/\/www.wolfgangkurtz.de\/en\/wp-json\/wp\/v2\/posts\/3153\/revisions"}],"predecessor-version":[{"id":3170,"href":"https:\/\/www.wolfgangkurtz.de\/en\/wp-json\/wp\/v2\/posts\/3153\/revisions\/3170"}],"wp:featuredmedia":[{"embeddable":true,"href":"https:\/\/www.wolfgangkurtz.de\/en\/wp-json\/wp\/v2\/media\/3157"}],"wp:attachment":[{"href":"https:\/\/www.wolfgangkurtz.de\/en\/wp-json\/wp\/v2\/media?parent=3153"}],"wp:term":[{"taxonomy":"category","embeddable":true,"href":"https:\/\/www.wolfgangkurtz.de\/en\/wp-json\/wp\/v2\/categories?post=3153"},{"taxonomy":"post_tag","embeddable":true,"href":"https:\/\/www.wolfgangkurtz.de\/en\/wp-json\/wp\/v2\/tags?post=3153"}],"curies":[{"name":"wp","href":"https:\/\/api.w.org\/{rel}","templated":true}]}}